{"id":14513,"date":"2024-01-02T18:22:24","date_gmt":"2024-01-02T17:22:24","guid":{"rendered":"https:\/\/www.sybarius.net\/?p=14513"},"modified":"2024-02-07T15:42:40","modified_gmt":"2024-02-07T14:42:40","slug":"letat-belge-condamne-a-agir-face-larriere-judiciaire","status":"publish","type":"post","link":"https:\/\/www.sybarius.net\/nl\/letat-belge-condamne-a-agir-face-larriere-judiciaire\/","title":{"rendered":"L&#8217;\u00c9tat belge condamn\u00e9 \u00e0 agir face \u00e0 l\u2019arri\u00e9r\u00e9 judiciaire"},"content":{"rendered":"\n<p class=\"has-medium-font-size\"><strong>En septembre dernier, Me Audrey Despontin et Me Audrey Lackner <a>plaidaient<\/a> contre la dur\u00e9e excessive des proc\u00e9dures devant les juridictions belges, appelant l\u2019\u00c9tat \u00e0 fournir une r\u00e9ponse concr\u00e8te. Le Tribunal de premi\u00e8re instance francophone de Bruxelles leur a donn\u00e9 raison dans son jugement rendu le 15 d\u00e9cembre 2023.<\/strong><\/p>\n\n\n\n<p>Les avocates de la Ligue des familles avaient introduit une action contre l\u2019\u00c9tat belge et son ministre de la Justice en octobre 2021. En cause, la situation particuli\u00e8rement critique au sein du Tribunal de la famille et de la Cour d\u2019appel de Bruxelles.<\/p>\n\n\n\n<p>L\u2019arri\u00e9r\u00e9 judiciaire consid\u00e9rable dans le traitement des dossiers engendre des cons\u00e9quences parfois dramatiques. Dans certains cas, les familles doivent attendre des ann\u00e9es avant de r\u00e9gler la garde des enfants ou une s\u00e9paration, perdant ainsi un temps pr\u00e9cieux et irr\u00e9cup\u00e9rable.<\/p>\n\n\n\n<p>Durant leurs plaidoiries, Me Audrey Despontin et Me Audrey Lackner <a>ont<\/a> rappel\u00e9 que ces d\u00e9lais excessivement longs constituent une violation de l\u2019article 6 de la Convention europ\u00e9enne des droits de l\u2019Homme.<\/p>\n\n\n\n<p>L\u2019\u00c9tat belge a ainsi \u00e9t\u00e9 condamn\u00e9 \u00e0 publier toutes les places vacantes des Cours et Tribunaux afin de les remplir. Il a \u00e9galement condamn\u00e9 l\u2019Etat belge \u00e0 indemniser les citoyens et les avocats victimes de cet arri\u00e9r\u00e9 judiciaire.<\/p>\n","protected":false},"excerpt":{"rendered":"<p>En septembre dernier, Me Audrey Despontin et Me Audrey Lackner plaidaient contre la dur\u00e9e excessive des proc\u00e9dures devant les juridictions belges, appelant l\u2019\u00c9tat \u00e0 fournir une r\u00e9ponse concr\u00e8te. Le Tribunal de premi\u00e8re instance francophone de Bruxelles leur a donn\u00e9 raison dans son jugement rendu le 15 d\u00e9cembre 2023. Les avocates de la Ligue des familles [&hellip;]<\/p>\n","protected":false},"author":7,"featured_media":0,"comment_status":"open","ping_status":"open","sticky":false,"template":"","format":"standard","meta":{"_acf_changed":false,"footnotes":""},"categories":[161],"tags":[],"ppma_author":[287],"class_list":["post-14513","post","type-post","status-publish","format-standard","hentry","category-droit-de-la-responsabilite"],"acf":[],"yoast_head":"<!-- This site is optimized with the Yoast SEO plugin v27.4 - https:\/\/yoast.com\/product\/yoast-seo-wordpress\/ -->\n<title>L&#039;\u00c9tat belge condamn\u00e9 \u00e0 agir face \u00e0 l\u2019arri\u00e9r\u00e9 judiciaire - Sybarius<\/title>\n<meta name=\"robots\" content=\"index, follow, max-snippet:-1, max-image-preview:large, max-video-preview:-1\" \/>\n<link rel=\"canonical\" href=\"https:\/\/www.sybarius.net\/letat-belge-condamne-a-agir-face-larriere-judiciaire\/\" \/>\n<meta property=\"og:locale\" content=\"nl_NL\" \/>\n<meta property=\"og:type\" content=\"article\" \/>\n<meta property=\"og:title\" content=\"L&#039;\u00c9tat belge condamn\u00e9 \u00e0 agir face \u00e0 l\u2019arri\u00e9r\u00e9 judiciaire - Sybarius\" \/>\n<meta property=\"og:description\" content=\"En septembre dernier, Me Audrey Despontin et Me Audrey Lackner plaidaient contre la dur\u00e9e excessive des proc\u00e9dures devant les juridictions belges, appelant l\u2019\u00c9tat \u00e0 fournir une r\u00e9ponse concr\u00e8te. Le Tribunal de premi\u00e8re instance francophone de Bruxelles leur a donn\u00e9 raison dans son jugement rendu le 15 d\u00e9cembre 2023. Les avocates de la Ligue des familles [&hellip;]\" \/>\n<meta property=\"og:url\" content=\"https:\/\/www.sybarius.net\/letat-belge-condamne-a-agir-face-larriere-judiciaire\/\" \/>\n<meta property=\"og:site_name\" content=\"Sybarius\" \/>\n<meta property=\"article:published_time\" content=\"2024-01-02T17:22:24+00:00\" \/>\n<meta property=\"article:modified_time\" content=\"2024-02-07T14:42:40+00:00\" \/>\n<meta name=\"author\" content=\"Audrey Despontin\" \/>\n<meta name=\"twitter:card\" content=\"summary_large_image\" \/>\n<meta name=\"twitter:label1\" content=\"Geschreven door\" \/>\n\t<meta name=\"twitter:data1\" content=\"Audrey Despontin\" \/>\n\t<meta name=\"twitter:label2\" content=\"Geschatte leestijd\" \/>\n\t<meta name=\"twitter:data2\" content=\"2 minuten\" \/>\n<script type=\"application\/ld+json\" class=\"yoast-schema-graph\">{\"@context\":\"https:\\\/\\\/schema.org\",\"@graph\":[{\"@type\":\"Article\",\"@id\":\"https:\\\/\\\/www.sybarius.net\\\/letat-belge-condamne-a-agir-face-larriere-judiciaire\\\/#article\",\"isPartOf\":{\"@id\":\"https:\\\/\\\/www.sybarius.net\\\/letat-belge-condamne-a-agir-face-larriere-judiciaire\\\/\"},\"author\":{\"name\":\"Audrey Despontin\",\"@id\":\"https:\\\/\\\/www.sybarius.net\\\/en\\\/#\\\/schema\\\/person\\\/49b5a7a992e934016e97acb0e091ad25\"},\"headline\":\"L&#8217;\u00c9tat belge condamn\u00e9 \u00e0 agir face \u00e0 l\u2019arri\u00e9r\u00e9 judiciaire\",\"datePublished\":\"2024-01-02T17:22:24+00:00\",\"dateModified\":\"2024-02-07T14:42:40+00:00\",\"mainEntityOfPage\":{\"@id\":\"https:\\\/\\\/www.sybarius.net\\\/letat-belge-condamne-a-agir-face-larriere-judiciaire\\\/\"},\"wordCount\":229,\"commentCount\":0,\"publisher\":{\"@id\":\"https:\\\/\\\/www.sybarius.net\\\/en\\\/#organization\"},\"articleSection\":[\"Droit de la responsabilit\u00e9\"],\"inLanguage\":\"nl-NL\",\"potentialAction\":[{\"@type\":\"CommentAction\",\"name\":\"Comment\",\"target\":[\"https:\\\/\\\/www.sybarius.net\\\/letat-belge-condamne-a-agir-face-larriere-judiciaire\\\/#respond\"]}]},{\"@type\":\"WebPage\",\"@id\":\"https:\\\/\\\/www.sybarius.net\\\/letat-belge-condamne-a-agir-face-larriere-judiciaire\\\/\",\"url\":\"https:\\\/\\\/www.sybarius.net\\\/letat-belge-condamne-a-agir-face-larriere-judiciaire\\\/\",\"name\":\"L'\u00c9tat belge condamn\u00e9 \u00e0 agir face \u00e0 l\u2019arri\u00e9r\u00e9 judiciaire - Sybarius\",\"isPartOf\":{\"@id\":\"https:\\\/\\\/www.sybarius.net\\\/en\\\/#website\"},\"datePublished\":\"2024-01-02T17:22:24+00:00\",\"dateModified\":\"2024-02-07T14:42:40+00:00\",\"breadcrumb\":{\"@id\":\"https:\\\/\\\/www.sybarius.net\\\/letat-belge-condamne-a-agir-face-larriere-judiciaire\\\/#breadcrumb\"},\"inLanguage\":\"nl-NL\",\"potentialAction\":[{\"@type\":\"ReadAction\",\"target\":[\"https:\\\/\\\/www.sybarius.net\\\/letat-belge-condamne-a-agir-face-larriere-judiciaire\\\/\"]}]},{\"@type\":\"BreadcrumbList\",\"@id\":\"https:\\\/\\\/www.sybarius.net\\\/letat-belge-condamne-a-agir-face-larriere-judiciaire\\\/#breadcrumb\",\"itemListElement\":[{\"@type\":\"ListItem\",\"position\":1,\"name\":\"Accueil\",\"item\":\"https:\\\/\\\/www.sybarius.net\\\/nl\\\/\"},{\"@type\":\"ListItem\",\"position\":2,\"name\":\"L&rsquo;\u00c9tat belge condamn\u00e9 \u00e0 agir face \u00e0 l\u2019arri\u00e9r\u00e9 judiciaire\"}]},{\"@type\":\"WebSite\",\"@id\":\"https:\\\/\\\/www.sybarius.net\\\/en\\\/#website\",\"url\":\"https:\\\/\\\/www.sybarius.net\\\/en\\\/\",\"name\":\"Sybarius\",\"description\":\"Avocats \u2022 Advocaten \u2022 Lawyers\",\"publisher\":{\"@id\":\"https:\\\/\\\/www.sybarius.net\\\/en\\\/#organization\"},\"potentialAction\":[{\"@type\":\"SearchAction\",\"target\":{\"@type\":\"EntryPoint\",\"urlTemplate\":\"https:\\\/\\\/www.sybarius.net\\\/en\\\/?s={search_term_string}\"},\"query-input\":{\"@type\":\"PropertyValueSpecification\",\"valueRequired\":true,\"valueName\":\"search_term_string\"}}],\"inLanguage\":\"nl-NL\"},{\"@type\":\"Organization\",\"@id\":\"https:\\\/\\\/www.sybarius.net\\\/en\\\/#organization\",\"name\":\"Sybarius\",\"url\":\"https:\\\/\\\/www.sybarius.net\\\/en\\\/\",\"logo\":{\"@type\":\"ImageObject\",\"inLanguage\":\"nl-NL\",\"@id\":\"https:\\\/\\\/www.sybarius.net\\\/en\\\/#\\\/schema\\\/logo\\\/image\\\/\",\"url\":\"https:\\\/\\\/www.sybarius.net\\\/wp-content\\\/uploads\\\/2023\\\/03\\\/cropped-sybarius.png\",\"contentUrl\":\"https:\\\/\\\/www.sybarius.net\\\/wp-content\\\/uploads\\\/2023\\\/03\\\/cropped-sybarius.png\",\"width\":650,\"height\":200,\"caption\":\"Sybarius\"},\"image\":{\"@id\":\"https:\\\/\\\/www.sybarius.net\\\/en\\\/#\\\/schema\\\/logo\\\/image\\\/\"}},{\"@type\":\"Person\",\"@id\":\"https:\\\/\\\/www.sybarius.net\\\/en\\\/#\\\/schema\\\/person\\\/49b5a7a992e934016e97acb0e091ad25\",\"name\":\"Audrey Despontin\",\"image\":{\"@type\":\"ImageObject\",\"inLanguage\":\"nl-NL\",\"@id\":\"https:\\\/\\\/secure.gravatar.com\\\/avatar\\\/7336d618eba8682712b598d7306a170b4939086a9476a895e856b21e11f64435?s=96&d=mm&r=gf5ed5a147ab90ae281f688a32d1cfcf6\",\"url\":\"https:\\\/\\\/secure.gravatar.com\\\/avatar\\\/7336d618eba8682712b598d7306a170b4939086a9476a895e856b21e11f64435?s=96&d=mm&r=g\",\"contentUrl\":\"https:\\\/\\\/secure.gravatar.com\\\/avatar\\\/7336d618eba8682712b598d7306a170b4939086a9476a895e856b21e11f64435?s=96&d=mm&r=g\",\"caption\":\"Audrey Despontin\"},\"url\":\"https:\\\/\\\/www.sybarius.net\\\/nl\\\/author\\\/audreydespontin\\\/\"}]}<\/script>\n<!-- \/ Yoast SEO plugin. -->","yoast_head_json":{"title":"L'\u00c9tat belge condamn\u00e9 \u00e0 agir face \u00e0 l\u2019arri\u00e9r\u00e9 judiciaire - Sybarius","robots":{"index":"index","follow":"follow","max-snippet":"max-snippet:-1","max-image-preview":"max-image-preview:large","max-video-preview":"max-video-preview:-1"},"canonical":"https:\/\/www.sybarius.net\/letat-belge-condamne-a-agir-face-larriere-judiciaire\/","og_locale":"nl_NL","og_type":"article","og_title":"L'\u00c9tat belge condamn\u00e9 \u00e0 agir face \u00e0 l\u2019arri\u00e9r\u00e9 judiciaire - Sybarius","og_description":"En septembre dernier, Me Audrey Despontin et Me Audrey Lackner plaidaient contre la dur\u00e9e excessive des proc\u00e9dures devant les juridictions belges, appelant l\u2019\u00c9tat \u00e0 fournir une r\u00e9ponse concr\u00e8te. Le Tribunal de premi\u00e8re instance francophone de Bruxelles leur a donn\u00e9 raison dans son jugement rendu le 15 d\u00e9cembre 2023. Les avocates de la Ligue des familles [&hellip;]","og_url":"https:\/\/www.sybarius.net\/letat-belge-condamne-a-agir-face-larriere-judiciaire\/","og_site_name":"Sybarius","article_published_time":"2024-01-02T17:22:24+00:00","article_modified_time":"2024-02-07T14:42:40+00:00","author":"Audrey Despontin","twitter_card":"summary_large_image","twitter_misc":{"Geschreven door":"Audrey Despontin","Geschatte leestijd":"2 minuten"},"schema":{"@context":"https:\/\/schema.org","@graph":[{"@type":"Article","@id":"https:\/\/www.sybarius.net\/letat-belge-condamne-a-agir-face-larriere-judiciaire\/#article","isPartOf":{"@id":"https:\/\/www.sybarius.net\/letat-belge-condamne-a-agir-face-larriere-judiciaire\/"},"author":{"name":"Audrey Despontin","@id":"https:\/\/www.sybarius.net\/en\/#\/schema\/person\/49b5a7a992e934016e97acb0e091ad25"},"headline":"L&#8217;\u00c9tat belge condamn\u00e9 \u00e0 agir face \u00e0 l\u2019arri\u00e9r\u00e9 judiciaire","datePublished":"2024-01-02T17:22:24+00:00","dateModified":"2024-02-07T14:42:40+00:00","mainEntityOfPage":{"@id":"https:\/\/www.sybarius.net\/letat-belge-condamne-a-agir-face-larriere-judiciaire\/"},"wordCount":229,"commentCount":0,"publisher":{"@id":"https:\/\/www.sybarius.net\/en\/#organization"},"articleSection":["Droit de la responsabilit\u00e9"],"inLanguage":"nl-NL","potentialAction":[{"@type":"CommentAction","name":"Comment","target":["https:\/\/www.sybarius.net\/letat-belge-condamne-a-agir-face-larriere-judiciaire\/#respond"]}]},{"@type":"WebPage","@id":"https:\/\/www.sybarius.net\/letat-belge-condamne-a-agir-face-larriere-judiciaire\/","url":"https:\/\/www.sybarius.net\/letat-belge-condamne-a-agir-face-larriere-judiciaire\/","name":"L'\u00c9tat belge condamn\u00e9 \u00e0 agir face \u00e0 l\u2019arri\u00e9r\u00e9 judiciaire - Sybarius","isPartOf":{"@id":"https:\/\/www.sybarius.net\/en\/#website"},"datePublished":"2024-01-02T17:22:24+00:00","dateModified":"2024-02-07T14:42:40+00:00","breadcrumb":{"@id":"https:\/\/www.sybarius.net\/letat-belge-condamne-a-agir-face-larriere-judiciaire\/#breadcrumb"},"inLanguage":"nl-NL","potentialAction":[{"@type":"ReadAction","target":["https:\/\/www.sybarius.net\/letat-belge-condamne-a-agir-face-larriere-judiciaire\/"]}]},{"@type":"BreadcrumbList","@id":"https:\/\/www.sybarius.net\/letat-belge-condamne-a-agir-face-larriere-judiciaire\/#breadcrumb","itemListElement":[{"@type":"ListItem","position":1,"name":"Accueil","item":"https:\/\/www.sybarius.net\/nl\/"},{"@type":"ListItem","position":2,"name":"L&rsquo;\u00c9tat belge condamn\u00e9 \u00e0 agir face \u00e0 l\u2019arri\u00e9r\u00e9 judiciaire"}]},{"@type":"WebSite","@id":"https:\/\/www.sybarius.net\/en\/#website","url":"https:\/\/www.sybarius.net\/en\/","name":"Sybarius","description":"Avocats \u2022 Advocaten \u2022 Lawyers","publisher":{"@id":"https:\/\/www.sybarius.net\/en\/#organization"},"potentialAction":[{"@type":"SearchAction","target":{"@type":"EntryPoint","urlTemplate":"https:\/\/www.sybarius.net\/en\/?s={search_term_string}"},"query-input":{"@type":"PropertyValueSpecification","valueRequired":true,"valueName":"search_term_string"}}],"inLanguage":"nl-NL"},{"@type":"Organization","@id":"https:\/\/www.sybarius.net\/en\/#organization","name":"Sybarius","url":"https:\/\/www.sybarius.net\/en\/","logo":{"@type":"ImageObject","inLanguage":"nl-NL","@id":"https:\/\/www.sybarius.net\/en\/#\/schema\/logo\/image\/","url":"https:\/\/www.sybarius.net\/wp-content\/uploads\/2023\/03\/cropped-sybarius.png","contentUrl":"https:\/\/www.sybarius.net\/wp-content\/uploads\/2023\/03\/cropped-sybarius.png","width":650,"height":200,"caption":"Sybarius"},"image":{"@id":"https:\/\/www.sybarius.net\/en\/#\/schema\/logo\/image\/"}},{"@type":"Person","@id":"https:\/\/www.sybarius.net\/en\/#\/schema\/person\/49b5a7a992e934016e97acb0e091ad25","name":"Audrey Despontin","image":{"@type":"ImageObject","inLanguage":"nl-NL","@id":"https:\/\/secure.gravatar.com\/avatar\/7336d618eba8682712b598d7306a170b4939086a9476a895e856b21e11f64435?s=96&d=mm&r=gf5ed5a147ab90ae281f688a32d1cfcf6","url":"https:\/\/secure.gravatar.com\/avatar\/7336d618eba8682712b598d7306a170b4939086a9476a895e856b21e11f64435?s=96&d=mm&r=g","contentUrl":"https:\/\/secure.gravatar.com\/avatar\/7336d618eba8682712b598d7306a170b4939086a9476a895e856b21e11f64435?s=96&d=mm&r=g","caption":"Audrey Despontin"},"url":"https:\/\/www.sybarius.net\/nl\/author\/audreydespontin\/"}]}},"authors":[{"term_id":287,"user_id":7,"is_guest":0,"slug":"audreydespontin","display_name":"Audrey Despontin","avatar_url":"https:\/\/secure.gravatar.com\/avatar\/7336d618eba8682712b598d7306a170b4939086a9476a895e856b21e11f64435?s=96&d=mm&r=g","0":null,"1":"","2":"","3":"","4":"","5":"","6":"","7":"","8":""}],"_links":{"self":[{"href":"https:\/\/www.sybarius.net\/nl\/wp-json\/wp\/v2\/posts\/14513","targetHints":{"allow":["GET"]}}],"collection":[{"href":"https:\/\/www.sybarius.net\/nl\/wp-json\/wp\/v2\/posts"}],"about":[{"href":"https:\/\/www.sybarius.net\/nl\/wp-json\/wp\/v2\/types\/post"}],"author":[{"embeddable":true,"href":"https:\/\/www.sybarius.net\/nl\/wp-json\/wp\/v2\/users\/7"}],"replies":[{"embeddable":true,"href":"https:\/\/www.sybarius.net\/nl\/wp-json\/wp\/v2\/comments?post=14513"}],"version-history":[{"count":2,"href":"https:\/\/www.sybarius.net\/nl\/wp-json\/wp\/v2\/posts\/14513\/revisions"}],"predecessor-version":[{"id":14521,"href":"https:\/\/www.sybarius.net\/nl\/wp-json\/wp\/v2\/posts\/14513\/revisions\/14521"}],"wp:attachment":[{"href":"https:\/\/www.sybarius.net\/nl\/wp-json\/wp\/v2\/media?parent=14513"}],"wp:term":[{"taxonomy":"category","embeddable":true,"href":"https:\/\/www.sybarius.net\/nl\/wp-json\/wp\/v2\/categories?post=14513"},{"taxonomy":"post_tag","embeddable":true,"href":"https:\/\/www.sybarius.net\/nl\/wp-json\/wp\/v2\/tags?post=14513"},{"taxonomy":"author","embeddable":true,"href":"https:\/\/www.sybarius.net\/nl\/wp-json\/wp\/v2\/ppma_author?post=14513"}],"curies":[{"name":"wp","href":"https:\/\/api.w.org\/{rel}","templated":true}]}}